{"id":1882,"date":"2025-08-22T09:55:22","date_gmt":"2025-08-22T07:55:22","guid":{"rendered":"https:\/\/enviroclean.se\/?post_type=news&#038;p=1882"},"modified":"2025-08-22T10:04:57","modified_gmt":"2025-08-22T08:04:57","slug":"automechanika-2026-enviroclean","status":"publish","type":"news","link":"https:\/\/enviroclean.se\/de\/news\/automechanika-2026-enviroclean\/","title":{"rendered":"Automechanika 2026 Frankfurt Partikelz\u00e4hler Abgastest Diagnose"},"content":{"rendered":"<p><!-- SEO head --><br \/>\n<title>Enviroclean auf der Automechanika 2026 Frankfurt | Partikelz\u00e4hler, Abgastester &#038; Autocom<\/title><br \/>\n<meta name=\"description\" content=\"Wir sind 2026 wieder auf der Automechanika Frankfurt. Vor Ort: Partikelz\u00e4hler, Abgasteststationen, Diagnose \u2013 in Deutschland zus\u00e4tzlich auf dem Autocom\u2011Stand. Standnummer folgt.\" \/><\/p>\n<p><!-- HERO --><\/p>\n<article class=\"wp-block-dws-hero-block alignfull dws_text__hero\"\n  \n\n<div class=\"dws_text__hero__image\">\n    <img decoding=\"async\" alt=\"Enviroclean auf der Automechanika Frankfurt\" src=\"https:\/\/enviroclean.se\/wp-content\/uploads\/2025\/08\/PXL_20240910_084224009-scaled-e1755849057494.jpg\" style=\"object-fit: cover; width:100%; height: 380px; filter: brightness(0.6);\" \/>\n  <\/div>\n<div class=\"dws_text__hero__info\" style=\"position:absolute; top:50%; left:50%; transform:translate(-50%,-50%); color:#fff; text-align:left; max-width:900px; width:100%; padding:0 2em;\">\n<div class=\"dws_text__hero__info__content\">\n<h1 style=\"font-size:2.2rem; margin-bottom:.5rem;\">Automechanika 2026 \u2013 Wir sind wieder dabei<\/h1>\n<p style=\"font-size:1.12rem; margin:0;\">Nach dem gro\u00dfen Andrang 2022 &#038; 2024 sind wir 2026 erneut in Frankfurt \u2013 mit Partikelz\u00e4hlern, Abgasteststationen und Diagnose. In Deutschland zus\u00e4tzlich auf dem Autocom\u2011Stand.<\/p>\n<\/p><\/div>\n<\/p><\/div>\n<\/article>\n<p><!-- INTRO (hellblau) --><\/p>\n<section style=\"background:#edeff4; padding:1.25em 1.5em 1.5em; text-align:left; border-radius:16px; margin-top:1.4em;\">\n<h2 style=\"font-size:1.6rem; color:#243875; margin:0;\">Automechanika Frankfurt 2026: Save the Date<\/h2>\n<p style=\"font-size:1.05rem; line-height:1.65; max-width:900px; margin-top:.75em;\">\n    Die <strong>Automechanika Frankfurt<\/strong> ist die Leitmesse f\u00fcr Werkstatt\u2011, Pr\u00fcf- und <strong>Diagnosetechnik<\/strong>. Aufgrund der hohen Besucherzahlen und erfolgreichen Gespr\u00e4che in <strong>2022<\/strong> und <strong>2024<\/strong> haben wir uns bereits jetzt f\u00fcr <strong>2026<\/strong> registriert.<br \/>\n    Unsere <strong>Standnummer<\/strong> geben wir bekannt, sobald sie feststeht.\n  <\/p>\n<\/section>\n<p><!-- CONTENT --><\/p>\n<section style=\"padding: 1.8em 0; text-align:left;\">\n<h3 style=\"font-size:1.35rem; color:#243875; margin:0 0 .6rem;\">Was Besucher 2026 erwartet<\/h3>\n<ul style=\"font-size:1.05rem; line-height:1.65; max-width:900px; padding-left:1.2em;\">\n<li><strong>Partikelz\u00e4hler (PN)<\/strong> f\u00fcr PTI\/Periodische Pr\u00fcfung<\/li>\n<li><strong>Abgastest\u2011L\u00f6sungen<\/strong>: Opazimeter, Gasanalysatoren, komplette Teststationen<\/li>\n<li><strong>Diagnose<\/strong>: OBD\/EOBD\u2011Workflows, Fehleranalyse (in DE zus\u00e4tzlich am <strong>Autocom\u2011Stand<\/strong>)<\/li>\n<li><strong>Praxisdemos<\/strong> &#038; Beratung f\u00fcr Werkst\u00e4tten und Pr\u00fcfstellen<\/li>\n<\/ul>\n<div style=\"background:#f7f9fc; border-radius:16px; padding:1em 1.2em; margin-top:1em;\">\n<p style=\"margin:0; font-size:1.02rem;\"><strong>Hinweis:<\/strong> Wenn Sie einen festen Gespr\u00e4chstermin w\u00fcnschen, schreiben Sie uns \u2013 wir planen gern ein Zeitfenster ein.<\/p>\n<\/p><\/div>\n<\/section>\n<p><!-- FAQ --><\/p>\n<section style=\"padding: 1.6em 0;\">\n<h3 style=\"font-size:1.35rem; color:#243875; margin:0 0 .6rem;\">FAQ zur Automechanika 2026<\/h3>\n<details class=\"wp-block-details\" style=\"max-width:900px;\">\n<summary><strong>Wann findet die Automechanika 2026 statt?<\/strong><\/summary>\n<p style=\"margin:.6rem 0 0;\">Die Automechanika Frankfurt 2026 findet vom 8. bis 12. September 2026 auf dem Messegel\u00e4nde Frankfurt statt. Die genauen Daten und weitere Informationen ver\u00f6ffentlicht der Veranstalter auf der offiziellen Automechanika-Website. Wir aktualisieren diesen Beitrag, sobald unsere Standnummer best\u00e4tigt ist.\n<\/p>\n<\/details>\n<details class=\"wp-block-details\" style=\"max-width:900px;\">\n<summary><strong>Wo finde ich Enviroclean auf dem Messegel\u00e4nde?<\/strong><\/summary>\n<p style=\"margin:.6rem 0 0;\">Unsere <strong>Standnummer<\/strong> teilen wir umgehend mit, sobald sie best\u00e4tigt ist. Zus\u00e4tzlich sind wir in Deutschland am <strong>Autocom\u2011Stand<\/strong> anzutreffen.<\/p>\n<\/details>\n<details class=\"wp-block-details\" style=\"max-width:900px;\">\n<summary><strong>Welche Produkte zeigt ihr vor Ort?<\/strong><\/summary>\n<p style=\"margin:.6rem 0 0;\">Fokus auf <strong>Partikelz\u00e4hlung (PN)<\/strong>, <strong>Abgasteststationen<\/strong> (inkl. Gas\/Opazit\u00e4t) und <strong>Diagnose\u2011Workflows<\/strong> \u2013 praxisnah f\u00fcr Werkst\u00e4tten und Pr\u00fcforganisationen.<\/p>\n<\/details>\n<\/section>\n<p><!-- JSON-LD: News + FAQ --><br \/>\n<script type=\"application\/ld+json\">\n{\n  \"@context\":\"https:\/\/schema.org\",\n  \"@type\":\"NewsArticle\",\n  \"headline\":\"Enviroclean auf der Automechanika 2026 in Frankfurt\",\n  \"datePublished\":\"2025-08-22\",\n  \"dateModified\":\"2025-08-22\",\n  \"author\":{\"@type\":\"Organization\",\"name\":\"Enviroclean\"},\n  \"publisher\":{\n    \"@type\":\"Organization\",\n    \"name\":\"Enviroclean\",\n    \"logo\":{\"@type\":\"ImageObject\",\"url\":\"https:\/\/enviroclean.se\/wp-content\/uploads\/2023\/11\/CloseUp_MG_3614-3.jpg\"}\n  },\n  \"description\":\"Automechanika 2026: Enviroclean ist wieder in Frankfurt. Vor Ort: Partikelz\u00e4hler, Abgasteststationen und Diagnose. In Deutschland zus\u00e4tzlich am Autocom\u2011Stand. Standnummer folgt.\",\n  \"mainEntityOfPage\":{\"@type\":\"WebPage\",\"@id\":\"https:\/\/enviroclean.se\/de\/news\/automechanika-2026\"}\n}\n<\/script><br \/>\n<script type=\"application\/ld+json\">\n{\n  \"@context\":\"https:\/\/schema.org\",\n  \"@type\":\"FAQPage\",\n  \"mainEntity\":[\n    {\n      \"@type\":\"Question\",\n      \"name\":\"Wann findet die Automechanika 2026 statt?\",\n      \"acceptedAnswer\":{\"@type\":\"Answer\",\"text\":\"Die Automechanika Frankfurt 2026 findet vom 8. bis 12. September 2026 auf dem Messegel\u00e4nde Frankfurt statt. Die genauen Daten und weitere Informationen ver\u00f6ffentlicht der Veranstalter auf der offiziellen Automechanika-Website. Wir aktualisieren diesen Beitrag, sobald unsere Standnummer best\u00e4tigt ist.\n\"}\n    },\n    {\n      \"@type\":\"Question\",\n      \"name\":\"Wo finde ich Enviroclean auf dem Messegel\u00e4nde?\",\n      \"acceptedAnswer\":{\"@type\":\"Answer\",\"text\":\"Unsere Standnummer wird bekanntgegeben, sobald sie vorliegt. Zus\u00e4tzlich sind wir in Deutschland am Autocom\u2011Stand anzutreffen.\"}\n    },\n    {\n      \"@type\":\"Question\",\n      \"name\":\"Welche Produkte zeigt ihr vor Ort?\",\n      \"acceptedAnswer\":{\"@type\":\"Answer\",\"text\":\"Fokus auf Partikelz\u00e4hlung (PN), Abgasteststationen (Gas\/Opazit\u00e4t) und Diagnose\u2011Workflows f\u00fcr Werkst\u00e4tten und Pr\u00fcforganisationen.\"}\n    }\n  ]\n}\n<\/script><\/p>\n<style>\n\/* 1) Jede alignfull-Sektion \u00fcber die Seitenbreite ziehen *\/\n.entry-content .alignfull,\n.wp-block-group.alignfull,\n.wp-block-cover.alignfull,\n.wp-block-dws-hero-block.alignfull {\n  width: 100vw !important;\n  max-width: 100vw !important;\n  margin-left: calc(50% - 50vw) !important;\n  margin-right: calc(50% - 50vw) !important;\n}<\/p>\n<p>\/* 2) Horizontalen Scrollbalken vermeiden, falls Eltern Elemente Padding haben *\/\nbody { overflow-x: hidden; }<\/p>\n<p>\/* 3) Dein Hero-Bild responsiv, volle H\u00f6he auf gro\u00dfen Screens *\/\n.wp-block-dws-hero-block.alignfull .dws_text__hero__image img {\n  width: 100%;\n  height: 420px;                 \/* Desktop-H\u00f6he anpassen *\/\n  object-fit: cover;\n  display: block;\n  filter: brightness(.6);\n}<\/p>\n<p>\/* 4) Mobile: etwas flacher, damit\u2019s nicht \u201eerschl\u00e4gt\u201c *\/\n@media (max-width: 768px){\n  .wp-block-dws-hero-block.alignfull .dws_text__hero__image img { height: 280px; }\n  .wp-block-dws-hero-block.alignfull .dws_text__hero__info { padding: 0 1.2rem; }\n}\n<\/style>\n","protected":false},"parent":0,"menu_order":0,"template":"","categories":[],"tags":[],"class_list":["post-1882","news","type-news","status-publish","hentry"],"acf":false,"yoast_head":"<!-- This site is optimized with the Yoast SEO plugin v21.6 - https:\/\/yoast.com\/wordpress\/plugins\/seo\/ -->\n<title>Automechanika 2026 Frankfurt \u2013 EnviroClean mit Partikelz\u00e4hler,<\/title>\n<meta name=\"description\" content=\"EnviroClean ist 2026 wieder auf der Automechanika Frankfurt vertreten \u2013 mit Partikelz\u00e4hlern, Abgasteststationen und Diagnose.\" \/>\n<meta name=\"robots\" content=\"index, follow, max-snippet:-1, max-image-preview:large, max-video-preview:-1\" \/>\n<link rel=\"canonical\" href=\"https:\/\/enviroclean.se\/de\/news\/automechanika-2026-enviroclean\/\" \/>\n<meta property=\"og:locale\" content=\"de_DE\" \/>\n<meta property=\"og:type\" content=\"article\" \/>\n<meta property=\"og:title\" content=\"Automechanika 2026 Frankfurt \u2013 EnviroClean mit Partikelz\u00e4hler,\" \/>\n<meta property=\"og:description\" content=\"EnviroClean ist 2026 wieder auf der Automechanika Frankfurt vertreten \u2013 mit Partikelz\u00e4hlern, Abgasteststationen und Diagnose.\" \/>\n<meta property=\"og:url\" content=\"https:\/\/enviroclean.se\/de\/news\/automechanika-2026-enviroclean\/\" \/>\n<meta property=\"og:site_name\" content=\"EnviroClean\" \/>\n<meta property=\"article:modified_time\" content=\"2025-08-22T08:04:57+00:00\" \/>\n<meta property=\"og:image\" content=\"https:\/\/enviroclean.se\/wp-content\/uploads\/2025\/08\/PXL_20240910_084224009-scaled-e1755849057494.jpg\" \/>\n<meta name=\"twitter:card\" content=\"summary_large_image\" \/>\n<meta name=\"twitter:label1\" content=\"Gesch\u00e4tzte Lesezeit\" \/>\n\t<meta name=\"twitter:data1\" content=\"2\u00a0Minuten\" \/>\n<script type=\"application\/ld+json\" class=\"yoast-schema-graph\">{\"@context\":\"https:\/\/schema.org\",\"@graph\":[{\"@type\":\"WebPage\",\"@id\":\"https:\/\/enviroclean.se\/de\/news\/automechanika-2026-enviroclean\/\",\"url\":\"https:\/\/enviroclean.se\/de\/news\/automechanika-2026-enviroclean\/\",\"name\":\"Automechanika 2026 Frankfurt \u2013 EnviroClean mit Partikelz\u00e4hler,\",\"isPartOf\":{\"@id\":\"https:\/\/enviroclean.se\/#website\"},\"datePublished\":\"2025-08-22T07:55:22+00:00\",\"dateModified\":\"2025-08-22T08:04:57+00:00\",\"description\":\"EnviroClean ist 2026 wieder auf der Automechanika Frankfurt vertreten \u2013 mit Partikelz\u00e4hlern, Abgasteststationen und Diagnose.\",\"breadcrumb\":{\"@id\":\"https:\/\/enviroclean.se\/de\/news\/automechanika-2026-enviroclean\/#breadcrumb\"},\"inLanguage\":\"de\",\"potentialAction\":[{\"@type\":\"ReadAction\",\"target\":[\"https:\/\/enviroclean.se\/de\/news\/automechanika-2026-enviroclean\/\"]}]},{\"@type\":\"BreadcrumbList\",\"@id\":\"https:\/\/enviroclean.se\/de\/news\/automechanika-2026-enviroclean\/#breadcrumb\",\"itemListElement\":[{\"@type\":\"ListItem\",\"position\":1,\"name\":\"Home\",\"item\":\"https:\/\/enviroclean.se\/de\/\"},{\"@type\":\"ListItem\",\"position\":2,\"name\":\"Automechanika 2026 Frankfurt Partikelz\u00e4hler Abgastest Diagnose\"}]},{\"@type\":\"WebSite\",\"@id\":\"https:\/\/enviroclean.se\/#website\",\"url\":\"https:\/\/enviroclean.se\/\",\"name\":\"EnviroClean\",\"description\":\"Quality emission analyzers since 1994\",\"publisher\":{\"@id\":\"https:\/\/enviroclean.se\/#organization\"},\"potentialAction\":[{\"@type\":\"SearchAction\",\"target\":{\"@type\":\"EntryPoint\",\"urlTemplate\":\"https:\/\/enviroclean.se\/?s={search_term_string}\"},\"query-input\":\"required name=search_term_string\"}],\"inLanguage\":\"de\"},{\"@type\":\"Organization\",\"@id\":\"https:\/\/enviroclean.se\/#organization\",\"name\":\"EnviroClean\",\"url\":\"https:\/\/enviroclean.se\/\",\"logo\":{\"@type\":\"ImageObject\",\"inLanguage\":\"de\",\"@id\":\"https:\/\/enviroclean.se\/#\/schema\/logo\/image\/\",\"url\":\"https:\/\/enviroclean.se\/wp-content\/uploads\/2021\/09\/cropped-EnviroCleanExtremLowQuality-1.png\",\"contentUrl\":\"https:\/\/enviroclean.se\/wp-content\/uploads\/2021\/09\/cropped-EnviroCleanExtremLowQuality-1.png\",\"width\":326,\"height\":70,\"caption\":\"EnviroClean\"},\"image\":{\"@id\":\"https:\/\/enviroclean.se\/#\/schema\/logo\/image\/\"}}]}<\/script>\n<!-- \/ Yoast SEO plugin. -->","yoast_head_json":{"title":"Automechanika 2026 Frankfurt \u2013 EnviroClean mit Partikelz\u00e4hler,","description":"EnviroClean ist 2026 wieder auf der Automechanika Frankfurt vertreten \u2013 mit Partikelz\u00e4hlern, Abgasteststationen und Diagnose.","robots":{"index":"index","follow":"follow","max-snippet":"max-snippet:-1","max-image-preview":"max-image-preview:large","max-video-preview":"max-video-preview:-1"},"canonical":"https:\/\/enviroclean.se\/de\/news\/automechanika-2026-enviroclean\/","og_locale":"de_DE","og_type":"article","og_title":"Automechanika 2026 Frankfurt \u2013 EnviroClean mit Partikelz\u00e4hler,","og_description":"EnviroClean ist 2026 wieder auf der Automechanika Frankfurt vertreten \u2013 mit Partikelz\u00e4hlern, Abgasteststationen und Diagnose.","og_url":"https:\/\/enviroclean.se\/de\/news\/automechanika-2026-enviroclean\/","og_site_name":"EnviroClean","article_modified_time":"2025-08-22T08:04:57+00:00","og_image":[{"url":"https:\/\/enviroclean.se\/wp-content\/uploads\/2025\/08\/PXL_20240910_084224009-scaled-e1755849057494.jpg"}],"twitter_card":"summary_large_image","twitter_misc":{"Gesch\u00e4tzte Lesezeit":"2\u00a0Minuten"},"schema":{"@context":"https:\/\/schema.org","@graph":[{"@type":"WebPage","@id":"https:\/\/enviroclean.se\/de\/news\/automechanika-2026-enviroclean\/","url":"https:\/\/enviroclean.se\/de\/news\/automechanika-2026-enviroclean\/","name":"Automechanika 2026 Frankfurt \u2013 EnviroClean mit Partikelz\u00e4hler,","isPartOf":{"@id":"https:\/\/enviroclean.se\/#website"},"datePublished":"2025-08-22T07:55:22+00:00","dateModified":"2025-08-22T08:04:57+00:00","description":"EnviroClean ist 2026 wieder auf der Automechanika Frankfurt vertreten \u2013 mit Partikelz\u00e4hlern, Abgasteststationen und Diagnose.","breadcrumb":{"@id":"https:\/\/enviroclean.se\/de\/news\/automechanika-2026-enviroclean\/#breadcrumb"},"inLanguage":"de","potentialAction":[{"@type":"ReadAction","target":["https:\/\/enviroclean.se\/de\/news\/automechanika-2026-enviroclean\/"]}]},{"@type":"BreadcrumbList","@id":"https:\/\/enviroclean.se\/de\/news\/automechanika-2026-enviroclean\/#breadcrumb","itemListElement":[{"@type":"ListItem","position":1,"name":"Home","item":"https:\/\/enviroclean.se\/de\/"},{"@type":"ListItem","position":2,"name":"Automechanika 2026 Frankfurt Partikelz\u00e4hler Abgastest Diagnose"}]},{"@type":"WebSite","@id":"https:\/\/enviroclean.se\/#website","url":"https:\/\/enviroclean.se\/","name":"EnviroClean","description":"Quality emission analyzers since 1994","publisher":{"@id":"https:\/\/enviroclean.se\/#organization"},"potentialAction":[{"@type":"SearchAction","target":{"@type":"EntryPoint","urlTemplate":"https:\/\/enviroclean.se\/?s={search_term_string}"},"query-input":"required name=search_term_string"}],"inLanguage":"de"},{"@type":"Organization","@id":"https:\/\/enviroclean.se\/#organization","name":"EnviroClean","url":"https:\/\/enviroclean.se\/","logo":{"@type":"ImageObject","inLanguage":"de","@id":"https:\/\/enviroclean.se\/#\/schema\/logo\/image\/","url":"https:\/\/enviroclean.se\/wp-content\/uploads\/2021\/09\/cropped-EnviroCleanExtremLowQuality-1.png","contentUrl":"https:\/\/enviroclean.se\/wp-content\/uploads\/2021\/09\/cropped-EnviroCleanExtremLowQuality-1.png","width":326,"height":70,"caption":"EnviroClean"},"image":{"@id":"https:\/\/enviroclean.se\/#\/schema\/logo\/image\/"}}]}},"_links":{"self":[{"href":"https:\/\/enviroclean.se\/de\/wp-json\/wp\/v2\/news\/1882","targetHints":{"allow":["GET"]}}],"collection":[{"href":"https:\/\/enviroclean.se\/de\/wp-json\/wp\/v2\/news"}],"about":[{"href":"https:\/\/enviroclean.se\/de\/wp-json\/wp\/v2\/types\/news"}],"wp:attachment":[{"href":"https:\/\/enviroclean.se\/de\/wp-json\/wp\/v2\/media?parent=1882"}],"wp:term":[{"taxonomy":"category","embeddable":true,"href":"https:\/\/enviroclean.se\/de\/wp-json\/wp\/v2\/categories?post=1882"},{"taxonomy":"post_tag","embeddable":true,"href":"https:\/\/enviroclean.se\/de\/wp-json\/wp\/v2\/tags?post=1882"}],"curies":[{"name":"wp","href":"https:\/\/api.w.org\/{rel}","templated":true}]}}